[{"@context":"https:\/\/schema.org\/","@type":"Article","@id":"https:\/\/www.elxis.cz\/kolik-zaplatite-za-vymenu-ridicaku\/#Article","mainEntityOfPage":"https:\/\/www.elxis.cz\/kolik-zaplatite-za-vymenu-ridicaku\/","headline":"Kolik zaplat\u00edte za v\u00fdm\u011bnu \u0159idi\u010d\u00e1ku?","name":"Kolik zaplat\u00edte za v\u00fdm\u011bnu \u0159idi\u010d\u00e1ku?","description":"Ka\u017ed\u00fd \u0159idi\u010d je povinen s\u00e1m sledovat konec platnosti sv\u00e9ho \u0159idi\u010dsk\u00e9ho opr\u00e1vn\u011bn\u00ed. \u0158idi\u010dsk\u00e9 pr\u016fkazy se vyd\u00e1vaj\u00ed s platnost\u00ed na deset let[...]","datePublished":"2025-03-02","dateModified":"2023-04-28","author":{"@type":"Person","@id":"https:\/\/www.elxis.cz\/author\/#Person","name":"elxis.cz\n","url":"https:\/\/www.elxis.cz\/author\/","identifier":1,"image":{"@type":"ImageObject","@id":"https:\/\/secure.gravatar.com\/avatar\/4b051168bd2ace843d503d3432ebc4a96ac13303845197b3f2a2634cb21029f6?s=96&d=mm&r=g","url":"https:\/\/secure.gravatar.com\/avatar\/4b051168bd2ace843d503d3432ebc4a96ac13303845197b3f2a2634cb21029f6?s=96&d=mm&r=g","height":96,"width":96}},"publisher":{"@type":"Organization","name":"elxis.cz","logo":{"@type":"ImageObject","@id":"\/logo.png","url":"\/logo.png","width":600,"height":60}},"image":{"@type":"ImageObject","@id":"https:\/\/www.elxis.cz\/wp-content\/uploads\/img_a308068_w1945_t1519215114.jpg","url":"https:\/\/www.elxis.cz\/wp-content\/uploads\/img_a308068_w1945_t1519215114.jpg","height":0,"width":0},"url":"https:\/\/www.elxis.cz\/kolik-zaplatite-za-vymenu-ridicaku\/","about":["Auto moto"],"wordCount":425,"articleBody":"Ka\u017ed\u00fd \u0159idi\u010d je povinen s\u00e1m sledovat konec platnosti sv\u00e9ho \u0159idi\u010dsk\u00e9ho opr\u00e1vn\u011bn\u00ed. \u0158idi\u010dsk\u00e9 pr\u016fkazy se vyd\u00e1vaj\u00ed s platnost\u00ed na deset let u osobn\u00edch automobil\u016f a motocykl\u016f, \u0159idi\u010d\u016fm n\u00e1kla\u010f\u00e1k\u016f, kamion\u016f a autobus\u016f pouze na 5 let.  Jestli\u017ee kon\u010d\u00ed term\u00edn platnosti a zjist\u00edte to v p\u0159edstihu, nebude V\u00e1s to st\u00e1t ani korunu. Mus\u00edte v\u0161ak po\u017e\u00e1dat o vyd\u00e1n\u00ed nov\u00e9ho opr\u00e1vn\u011bn\u00ed alespo\u0148 dvacet dn\u016f p\u0159ed koncem platnosti. Nesm\u00edte ale po\u017e\u00e1dat o nov\u00fd \u0159idi\u010dsk\u00fd pr\u016fkaz d\u0159\u00edve, ne\u017e 3 m\u011bs\u00edce p\u0159ed t\u00edmto datem. V p\u0159\u00edpadech, kdy kon\u010d\u00ed platnost pr\u016fkazu ji\u017e za n\u011bkolik dn\u016f, je mo\u017en\u00e9 po\u017e\u00e1dat o vyd\u00e1n\u00ed nov\u00e9ho pr\u016fkazu, ale mus\u00edte uhradit spr\u00e1vn\u00ed poplatek 500 K\u010d. U propadl\u00e9ho \u0159idi\u010dsk\u00e9ho opr\u00e1vn\u011bn\u00ed se vystavujete postihu. Jednak zaplat\u00edte poplatek 50 K\u010d, a pak po V\u00e1s budou \u00fa\u0159edn\u00edci pravd\u011bpodobn\u011b vy\u017eadovat zaplatit pokutu, kter\u00e1 m\u016f\u017ee p\u0159ekro\u010dit i n\u011bkolik tis\u00edc korun.   Jak se nyn\u00ed nov\u011b \u017e\u00e1d\u00e1 o v\u00fdm\u011bnu \u0159idi\u010dsk\u00e9ho opr\u00e1vn\u011bn\u00ed? Bohu\u017eel je nutn\u00e9 dostavit se k v\u00fdm\u011bn\u011b pr\u016fkazu osobn\u011b, p\u0159\u00edpadn\u011b V\u00e1s m\u016f\u017ee zastoupit osoba s ov\u011b\u0159enou plnou moc\u00ed. (Plnou moc s podpisem ov\u011b\u0159\u00edte na kter\u00e9koliv po\u0161t\u011b). Do konce \u010dervna roku 2018 mus\u00edte \u017e\u00e1dost pod\u00e1vat v m\u00edst\u011b trval\u00e9ho pobytu, tedy na \u00fa\u0159ad\u011b, kter\u00fd tuto \u010dinnost vykon\u00e1v\u00e1 v p\u0159\u00edslu\u0161n\u00e9m okrese. Od \u010dervence 2018 ji\u017e budete moci \u017e\u00e1dost podat kdekoliv, na jak\u00e9mkoliv \u00fa\u0159adu obce s roz\u0161\u00ed\u0159enou p\u016fsobnost\u00ed. Tehdy u\u017e nemus\u00edte nosit fotografii, \u00fa\u0159edn\u00edci si V\u00e1s vyfot\u00ed na m\u00edst\u011b. D\u00e1le budete pot\u0159ebovat platn\u00fd ob\u010dansk\u00fd pr\u016fkaz, p\u0159\u00edpadn\u011b pas, a star\u00fd \u0159idi\u010dsk\u00fd pr\u016fkaz.  Je mo\u017en\u00e9 \u0159\u00eddit s propadl\u00fdm \u0159idi\u010d\u00e1kem? To mo\u017en\u00e9 nen\u00ed. A jestli\u017ee m\u00e1te \u0159idi\u010d\u00e1k propadl\u00fd, nen\u00ed mo\u017en\u00e9 vystavit ani \u017e\u00e1dn\u00fd n\u00e1hradn\u00ed doklad. Mus\u00edte tedy po\u010dkat, ne\u017e budete m\u00edt k dispozici pr\u016fkaz nov\u00fd, co\u017e m\u016f\u017ee trvat i 30 dn\u016f. Proto si ve vlastn\u00edm z\u00e1jmu hl\u00eddejte platnost pr\u016fkazu. N\u011bkam si ji poznamenejte. Pro\u0161vihnout nesm\u00edte ani o\u010dkov\u00e1n\u00ed proti tetanu, co\u017e V\u00e1s m\u016f\u017ee ohrozit na \u017eivot\u011b, u propadl\u00e9ho \u0159idi\u010dsk\u00e9ho pr\u016fkazu si na\u0161t\u011bst\u00ed jen p\u00e1r dn\u016f nezajezd\u00edte.                                                                                                                                                                                                                                                                                                                                                                                         4.5\/5 - (6 votes)        "},{"@context":"https:\/\/schema.org\/","@type":"BreadcrumbList","itemListElement":[{"@type":"ListItem","position":1,"name":"Kolik zaplat\u00edte za v\u00fdm\u011bnu \u0159idi\u010d\u00e1ku?","item":"https:\/\/www.elxis.cz\/kolik-zaplatite-za-vymenu-ridicaku\/#breadcrumbitem"}]}]