[{"@context":"https:\/\/schema.org\/","@type":"Blog","@id":"https:\/\/www.elxis.cz#Blog","headline":"Elxis","description":"\n\u010casto p\u0159em\u00fd\u0161\u00edte o tom, pro\u010d n\u011bkdo nevymysl\u00ed opravdu kvalitn\u00ed intenretov\u00fd magaz\u00edn, ve kter\u00e9m by byly rubriky pro ka\u017ed\u00e9ho? P\u0159esn\u011b to jsme pro v\u00e1s ud\u011blali a nav\u00edc do n\u011bj m\u016f\u017eete publikovat i vy!","url":"https:\/\/www.elxis.cz","hasPart":[{"@type":"Article","@id":"https:\/\/www.elxis.cz\/vrata\/","headline":"Vrata","url":"https:\/\/www.elxis.cz\/vrata\/","datePublished":"2019-11-03","dateModified":"2023-04-28","mainEntityOfPage":"https:\/\/www.elxis.cz\/vrata\/","author":{"@type":"Person","@id":"https:\/\/www.elxis.cz\/author\/#Person","name":"elxis.cz\n","url":"https:\/\/www.elxis.cz\/author\/","identifier":1,"image":{"@type":"ImageObject","@id":"https:\/\/secure.gravatar.com\/avatar\/4b051168bd2ace843d503d3432ebc4a96ac13303845197b3f2a2634cb21029f6?s=96&d=mm&r=g","url":"https:\/\/secure.gravatar.com\/avatar\/4b051168bd2ace843d503d3432ebc4a96ac13303845197b3f2a2634cb21029f6?s=96&d=mm&r=g","height":96,"width":96}},"publisher":{"@type":"Organization","name":"elxis.cz","logo":{"@type":"ImageObject","@id":"\/logo.png","url":"\/logo.png","width":600,"height":60}},"image":{"@type":"ImageObject","@id":"https:\/\/www.elxis.cz\/wp-content\/uploads\/img_a365435_w1945_t1578302009.jpg","url":"https:\/\/www.elxis.cz\/wp-content\/uploads\/img_a365435_w1945_t1578302009.jpg","height":0,"width":0},"wordCount":512,"keywords":null},{"@type":"Article","@id":"https:\/\/www.elxis.cz\/chia-seminka-vitaminova-bomba\/","headline":"Chia sem\u00ednka \u2013 vitam\u00ednov\u00e1 bomba","url":"https:\/\/www.elxis.cz\/chia-seminka-vitaminova-bomba\/","datePublished":"2019-11-02","dateModified":"2023-04-28","mainEntityOfPage":"https:\/\/www.elxis.cz\/chia-seminka-vitaminova-bomba\/","author":{"@type":"Person","@id":"https:\/\/www.elxis.cz\/author\/#Person","name":"elxis.cz\n","url":"https:\/\/www.elxis.cz\/author\/","identifier":1,"image":{"@type":"ImageObject","@id":"https:\/\/secure.gravatar.com\/avatar\/4b051168bd2ace843d503d3432ebc4a96ac13303845197b3f2a2634cb21029f6?s=96&d=mm&r=g","url":"https:\/\/secure.gravatar.com\/avatar\/4b051168bd2ace843d503d3432ebc4a96ac13303845197b3f2a2634cb21029f6?s=96&d=mm&r=g","height":96,"width":96}},"publisher":{"@type":"Organization","name":"elxis.cz","logo":{"@type":"ImageObject","@id":"\/logo.png","url":"\/logo.png","width":600,"height":60}},"image":{"@type":"ImageObject","@id":"https:\/\/www.elxis.cz\/wp-content\/uploads\/img_a377191_w4338_t1588836507.jpg","url":"https:\/\/www.elxis.cz\/wp-content\/uploads\/img_a377191_w4338_t1588836507.jpg","height":0,"width":0},"wordCount":565,"keywords":null},{"@type":"Article","@id":"https:\/\/www.elxis.cz\/dreveny-mobilni-dum-bude-vasi-firme-sluset\/","headline":"D\u0159ev\u011bn\u00fd mobiln\u00ed d\u016fm bude va\u0161\u00ed firm\u011b slu\u0161et","url":"https:\/\/www.elxis.cz\/dreveny-mobilni-dum-bude-vasi-firme-sluset\/","datePublished":"2019-11-01","dateModified":"2023-04-28","mainEntityOfPage":"https:\/\/www.elxis.cz\/dreveny-mobilni-dum-bude-vasi-firme-sluset\/","author":{"@type":"Person","@id":"https:\/\/www.elxis.cz\/author\/#Person","name":"elxis.cz\n","url":"https:\/\/www.elxis.cz\/author\/","identifier":1,"image":{"@type":"ImageObject","@id":"https:\/\/secure.gravatar.com\/avatar\/4b051168bd2ace843d503d3432ebc4a96ac13303845197b3f2a2634cb21029f6?s=96&d=mm&r=g","url":"https:\/\/secure.gravatar.com\/avatar\/4b051168bd2ace843d503d3432ebc4a96ac13303845197b3f2a2634cb21029f6?s=96&d=mm&r=g","height":96,"width":96}},"publisher":{"@type":"Organization","name":"elxis.cz","logo":{"@type":"ImageObject","@id":"\/logo.png","url":"\/logo.png","width":600,"height":60}},"image":{"@type":"ImageObject","@id":"https:\/\/www.elxis.cz\/wp-content\/uploads\/img_a368943_w1945_t1581135533.png","url":"https:\/\/www.elxis.cz\/wp-content\/uploads\/img_a368943_w1945_t1581135533.png","height":0,"width":0},"wordCount":544,"keywords":null},{"@type":"Article","@id":"https:\/\/www.elxis.cz\/reklama-ktera-se-vam-vryje-pod-kuzi\/","headline":"Reklama, kter\u00e1 se v\u00e1m vryje pod k\u016f\u017ei","url":"https:\/\/www.elxis.cz\/reklama-ktera-se-vam-vryje-pod-kuzi\/","datePublished":"2019-10-24","dateModified":"2023-04-28","mainEntityOfPage":"https:\/\/www.elxis.cz\/reklama-ktera-se-vam-vryje-pod-kuzi\/","author":{"@type":"Person","@id":"https:\/\/www.elxis.cz\/author\/#Person","name":"elxis.cz\n","url":"https:\/\/www.elxis.cz\/author\/","identifier":1,"image":{"@type":"ImageObject","@id":"https:\/\/secure.gravatar.com\/avatar\/4b051168bd2ace843d503d3432ebc4a96ac13303845197b3f2a2634cb21029f6?s=96&d=mm&r=g","url":"https:\/\/secure.gravatar.com\/avatar\/4b051168bd2ace843d503d3432ebc4a96ac13303845197b3f2a2634cb21029f6?s=96&d=mm&r=g","height":96,"width":96}},"publisher":{"@type":"Organization","name":"elxis.cz","logo":{"@type":"ImageObject","@id":"\/logo.png","url":"\/logo.png","width":600,"height":60}},"image":{"@type":"ImageObject","@id":"https:\/\/www.elxis.cz\/wp-content\/uploads\/img_a361816_w1945_t1574924509.jpg","url":"https:\/\/www.elxis.cz\/wp-content\/uploads\/img_a361816_w1945_t1574924509.jpg","height":0,"width":0},"wordCount":528,"keywords":null},{"@type":"Article","@id":"https:\/\/www.elxis.cz\/palety-prijdou-casto-vhod\/","headline":"Palety p\u0159ijdou \u010dasto vhod","url":"https:\/\/www.elxis.cz\/palety-prijdou-casto-vhod\/","datePublished":"2019-10-17","dateModified":"2023-09-18","mainEntityOfPage":"https:\/\/www.elxis.cz\/palety-prijdou-casto-vhod\/","author":{"@type":"Person","@id":"https:\/\/www.elxis.cz\/author\/#Person","name":"elxis.cz\n","url":"https:\/\/www.elxis.cz\/author\/","identifier":1,"image":{"@type":"ImageObject","@id":"https:\/\/secure.gravatar.com\/avatar\/4b051168bd2ace843d503d3432ebc4a96ac13303845197b3f2a2634cb21029f6?s=96&d=mm&r=g","url":"https:\/\/secure.gravatar.com\/avatar\/4b051168bd2ace843d503d3432ebc4a96ac13303845197b3f2a2634cb21029f6?s=96&d=mm&r=g","height":96,"width":96}},"publisher":{"@type":"Organization","name":"elxis.cz","logo":{"@type":"ImageObject","@id":"\/logo.png","url":"\/logo.png","width":600,"height":60}},"image":{"@type":"ImageObject","@id":"https:\/\/www.elxis.cz\/wp-content\/uploads\/img_a365191_w1945_t1578214514.jpg","url":"https:\/\/www.elxis.cz\/wp-content\/uploads\/img_a365191_w1945_t1578214514.jpg","height":0,"width":0},"wordCount":4473,"keywords":null},{"@type":"Article","@id":"https:\/\/www.elxis.cz\/jeste-ze-mame-instalatery\/","headline":"Je\u0161t\u011b \u017ee m\u00e1me instalat\u00e9ry","url":"https:\/\/www.elxis.cz\/jeste-ze-mame-instalatery\/","datePublished":"2019-10-16","dateModified":"2023-04-28","mainEntityOfPage":"https:\/\/www.elxis.cz\/jeste-ze-mame-instalatery\/","author":{"@type":"Person","@id":"https:\/\/www.elxis.cz\/author\/#Person","name":"elxis.cz\n","url":"https:\/\/www.elxis.cz\/author\/","identifier":1,"image":{"@type":"ImageObject","@id":"https:\/\/secure.gravatar.com\/avatar\/4b051168bd2ace843d503d3432ebc4a96ac13303845197b3f2a2634cb21029f6?s=96&d=mm&r=g","url":"https:\/\/secure.gravatar.com\/avatar\/4b051168bd2ace843d503d3432ebc4a96ac13303845197b3f2a2634cb21029f6?s=96&d=mm&r=g","height":96,"width":96}},"publisher":{"@type":"Organization","name":"elxis.cz","logo":{"@type":"ImageObject","@id":"\/logo.png","url":"\/logo.png","width":600,"height":60}},"image":{"@type":"ImageObject","@id":"https:\/\/www.elxis.cz\/wp-content\/uploads\/img_a365718_w1945_t1578394793.jpg","url":"https:\/\/www.elxis.cz\/wp-content\/uploads\/img_a365718_w1945_t1578394793.jpg","height":0,"width":0},"wordCount":577,"keywords":null},{"@type":"Article","@id":"https:\/\/www.elxis.cz\/lidske-zdroje-a-pozitivni-postoj-k-nim\/","headline":"Lidsk\u00e9 zdroje a pozitivn\u00ed postoj k nim","url":"https:\/\/www.elxis.cz\/lidske-zdroje-a-pozitivni-postoj-k-nim\/","datePublished":"2019-10-10","dateModified":"2023-04-28","mainEntityOfPage":"https:\/\/www.elxis.cz\/lidske-zdroje-a-pozitivni-postoj-k-nim\/","author":{"@type":"Person","@id":"https:\/\/www.elxis.cz\/author\/#Person","name":"elxis.cz\n","url":"https:\/\/www.elxis.cz\/author\/","identifier":1,"image":{"@type":"ImageObject","@id":"https:\/\/secure.gravatar.com\/avatar\/4b051168bd2ace843d503d3432ebc4a96ac13303845197b3f2a2634cb21029f6?s=96&d=mm&r=g","url":"https:\/\/secure.gravatar.com\/avatar\/4b051168bd2ace843d503d3432ebc4a96ac13303845197b3f2a2634cb21029f6?s=96&d=mm&r=g","height":96,"width":96}},"publisher":{"@type":"Organization","name":"elxis.cz","logo":{"@type":"ImageObject","@id":"\/logo.png","url":"\/logo.png","width":600,"height":60}},"image":{"@type":"ImageObject","@id":"https:\/\/www.elxis.cz\/wp-content\/uploads\/img_a366541_w1945_t1579172687.jpg","url":"https:\/\/www.elxis.cz\/wp-content\/uploads\/img_a366541_w1945_t1579172687.jpg","height":0,"width":0},"wordCount":481,"keywords":null},{"@type":"Article","@id":"https:\/\/www.elxis.cz\/sacek-muze-prijit-vhod\/","headline":"S\u00e1\u010dek m\u016f\u017ee p\u0159ij\u00edt vhod","url":"https:\/\/www.elxis.cz\/sacek-muze-prijit-vhod\/","datePublished":"2019-10-05","dateModified":"2023-04-28","mainEntityOfPage":"https:\/\/www.elxis.cz\/sacek-muze-prijit-vhod\/","author":{"@type":"Person","@id":"https:\/\/www.elxis.cz\/author\/#Person","name":"elxis.cz\n","url":"https:\/\/www.elxis.cz\/author\/","identifier":1,"image":{"@type":"ImageObject","@id":"https:\/\/secure.gravatar.com\/avatar\/4b051168bd2ace843d503d3432ebc4a96ac13303845197b3f2a2634cb21029f6?s=96&d=mm&r=g","url":"https:\/\/secure.gravatar.com\/avatar\/4b051168bd2ace843d503d3432ebc4a96ac13303845197b3f2a2634cb21029f6?s=96&d=mm&r=g","height":96,"width":96}},"publisher":{"@type":"Organization","name":"elxis.cz","logo":{"@type":"ImageObject","@id":"\/logo.png","url":"\/logo.png","width":600,"height":60}},"image":{"@type":"ImageObject","@id":"https:\/\/www.elxis.cz\/wp-content\/uploads\/img_a365165_w1945_t1578211751.jpg","url":"https:\/\/www.elxis.cz\/wp-content\/uploads\/img_a365165_w1945_t1578211751.jpg","height":0,"width":0},"wordCount":4516,"keywords":null},{"@type":"Article","@id":"https:\/\/www.elxis.cz\/nejen-pohodlnost\/","headline":"Nejen pohodlnost","url":"https:\/\/www.elxis.cz\/nejen-pohodlnost\/","datePublished":"2019-10-04","dateModified":"2023-04-28","mainEntityOfPage":"https:\/\/www.elxis.cz\/nejen-pohodlnost\/","author":{"@type":"Person","@id":"https:\/\/www.elxis.cz\/author\/#Person","name":"elxis.cz\n","url":"https:\/\/www.elxis.cz\/author\/","identifier":1,"image":{"@type":"ImageObject","@id":"https:\/\/secure.gravatar.com\/avatar\/4b051168bd2ace843d503d3432ebc4a96ac13303845197b3f2a2634cb21029f6?s=96&d=mm&r=g","url":"https:\/\/secure.gravatar.com\/avatar\/4b051168bd2ace843d503d3432ebc4a96ac13303845197b3f2a2634cb21029f6?s=96&d=mm&r=g","height":96,"width":96}},"publisher":{"@type":"Organization","name":"elxis.cz","logo":{"@type":"ImageObject","@id":"\/logo.png","url":"\/logo.png","width":600,"height":60}},"image":{"@type":"ImageObject","@id":"https:\/\/www.elxis.cz\/wp-content\/uploads\/img_a365174_w1945_t1578212742.jpg","url":"https:\/\/www.elxis.cz\/wp-content\/uploads\/img_a365174_w1945_t1578212742.jpg","height":0,"width":0},"wordCount":515,"keywords":null},{"@type":"Article","@id":"https:\/\/www.elxis.cz\/svatebni-saty-pro-kazdeho\/","headline":"Svatebn\u00ed \u0161aty pro ka\u017ed\u00e9ho","url":"https:\/\/www.elxis.cz\/svatebni-saty-pro-kazdeho\/","datePublished":"2019-10-04","dateModified":"2023-04-28","mainEntityOfPage":"https:\/\/www.elxis.cz\/svatebni-saty-pro-kazdeho\/","author":{"@type":"Person","@id":"https:\/\/www.elxis.cz\/author\/#Person","name":"elxis.cz\n","url":"https:\/\/www.elxis.cz\/author\/","identifier":1,"image":{"@type":"ImageObject","@id":"https:\/\/secure.gravatar.com\/avatar\/4b051168bd2ace843d503d3432ebc4a96ac13303845197b3f2a2634cb21029f6?s=96&d=mm&r=g","url":"https:\/\/secure.gravatar.com\/avatar\/4b051168bd2ace843d503d3432ebc4a96ac13303845197b3f2a2634cb21029f6?s=96&d=mm&r=g","height":96,"width":96}},"publisher":{"@type":"Organization","name":"elxis.cz","logo":{"@type":"ImageObject","@id":"\/logo.png","url":"\/logo.png","width":600,"height":60}},"image":{"@type":"ImageObject","@id":"https:\/\/www.elxis.cz\/wp-content\/uploads\/img_a365276_w1945_t1578229745.jpg","url":"https:\/\/www.elxis.cz\/wp-content\/uploads\/img_a365276_w1945_t1578229745.jpg","height":0,"width":0},"wordCount":538,"keywords":null}]},{"@context":"https:\/\/schema.org","@type":"WebSite","@id":"https:\/\/www.elxis.cz\/#website","name":"Elxis","url":"https:\/\/www.elxis.cz","potentialAction":{"@type":"SearchAction","target":"https:\/\/www.elxis.cz\/?s={search_term_string}","query-input":"required name=search_term_string"}}]