[{"@context":"https:\/\/schema.org\/","@type":"Article","@id":"https:\/\/www.elxis.cz\/zeptejte-se-nas-na-bydleni\/#Article","mainEntityOfPage":"https:\/\/www.elxis.cz\/zeptejte-se-nas-na-bydleni\/","headline":"Zeptejte se n\u00e1s na bydlen\u00ed","name":"Zeptejte se n\u00e1s na bydlen\u00ed","description":"Jen skute\u010dn\u011b t\u011b\u017eko bychom hledali \u010dlov\u011bka, kter\u00e9mu je jedno, jak bydl\u00ed, jak je za\u0159\u00edzen jeho domov. Ka\u017ed\u00fd z n\u00e1s se[...]","datePublished":"2023-06-12","dateModified":"2024-06-17","author":{"@type":"Person","@id":"https:\/\/www.elxis.cz\/author\/#Person","name":"elxis.cz\n","url":"https:\/\/www.elxis.cz\/author\/","identifier":1,"image":{"@type":"ImageObject","@id":"https:\/\/secure.gravatar.com\/avatar\/4b051168bd2ace843d503d3432ebc4a96ac13303845197b3f2a2634cb21029f6?s=96&d=mm&r=g","url":"https:\/\/secure.gravatar.com\/avatar\/4b051168bd2ace843d503d3432ebc4a96ac13303845197b3f2a2634cb21029f6?s=96&d=mm&r=g","height":96,"width":96}},"publisher":{"@type":"Organization","name":"elxis.cz","logo":{"@type":"ImageObject","@id":"\/logo.png","url":"\/logo.png","width":600,"height":60}},"url":"https:\/\/www.elxis.cz\/zeptejte-se-nas-na-bydleni\/","wordCount":271,"articleBody":"Jen skute\u010dn\u011b t\u011b\u017eko bychom hledali \u010dlov\u011bka, kter\u00e9mu je jedno, jak bydl\u00ed, jak je za\u0159\u00edzen jeho domov. Ka\u017ed\u00fd z n\u00e1s se ze sv\u00e9ho domova sna\u017e\u00ed u\u010dinit m\u00edsto p\u0159\u00edjemn\u00e9, \u00fatuln\u00e9, m\u00edsto, kde mu bude dob\u0159e. A tak to c\u00edt\u00edte jist\u011b i pr\u00e1v\u011b Vy. Dovolte n\u00e1m, abychom i my se mohli pod\u00edlet na zp\u0159\u00edjemn\u011bn\u00ed a maxim\u00e1ln\u00edm pohodl\u00ed Va\u0161eho domova, m\u00e1me s t\u00edm ji\u017e letit\u00e9 zku\u0161enosti. Pokud bydl\u00edte pr\u00e1v\u011b v Praze \u010di jej\u00edm bl\u00edzk\u00e9m okol\u00ed, budou pro V\u00e1s na\u0161e slu\u017eby mimo\u0159\u00e1dn\u011b v\u00fdhodn\u00e9. A co tedy vlastn\u011b nab\u00edz\u00edme, co pro V\u00e1s dovedeme ud\u011blat?Budeme V\u00e1m naslouchatNa\u0161\u00ed hlavn\u00ed \u010dinnost\u00ed jsou koberce Praha a ve\u0161ker\u00e9 \u010dinnosti spojen\u00e9 s jejich perfektn\u00ed pokl\u00e1dkou, p\u0159i\u010dem\u017e si m\u016f\u017eete vybrat, jak\u00e9 dopl\u0148kov\u00e9 slu\u017eby zvol\u00edte. D\u00e1le pro V\u00e1s m\u016f\u017eeme za\u0159\u00eddit pokl\u00e1dku v\u0161ech typ\u016f podlah, tedy PVC i plovouc\u00edch. Nez\u00e1le\u017e\u00ed na tom, jak\u00e9 rozm\u011bry m\u00e1 V\u00e1\u0161 interi\u00e9r, nez\u00e1le\u017e\u00ed na tom, zda m\u00edstnost m\u00e1 \u010dty\u0159i st\u011bny \u010di atypick\u00fd tvar, nez\u00e1le\u017e\u00ed na jej\u00edch rozm\u011brech. Jsme zde od toho, abychom podlahy a ve\u0161ker\u00e9 jejich povrchy p\u0159izp\u016fsobili V\u00e1m a Va\u0161im pot\u0159eb\u00e1m. M\u016f\u017eete n\u00e1m napsat \u010di rovnou zavolat a dohodnout si term\u00edn sch\u016fzky, kdy V\u00e1s nav\u0161t\u00edv\u00ed n\u00e1\u0161 zku\u0161en\u00fd obchodn\u00edk a proberete mo\u017en\u00e1 \u0159e\u0161en\u00ed.                                                                                                                                                                                                                                                                                                                                                                                        4.4\/5 - (8 votes)        "},{"@context":"https:\/\/schema.org\/","@type":"BreadcrumbList","itemListElement":[{"@type":"ListItem","position":1,"name":"Zeptejte se n\u00e1s na bydlen\u00ed","item":"https:\/\/www.elxis.cz\/zeptejte-se-nas-na-bydleni\/#breadcrumbitem"}]}]